{"id":310,"date":"2025-06-06T18:00:24","date_gmt":"2025-06-06T21:00:24","guid":{"rendered":"https:\/\/focogeral.com\/index.php\/2025\/06\/06\/neurociencia-inteligencia-artificial-futuro-saude-mental\/"},"modified":"2025-06-06T18:00:24","modified_gmt":"2025-06-06T21:00:24","slug":"neurociencia-inteligencia-artificial-futuro-saude-mental","status":"publish","type":"post","link":"https:\/\/focogeral.com\/index.php\/2025\/06\/06\/neurociencia-inteligencia-artificial-futuro-saude-mental\/","title":{"rendered":"Neuroci\u00eancia e Intelig\u00eancia Artificial: O Futuro da Sa\u00fade Mental"},"content":{"rendered":"<p>Como a combina\u00e7\u00e3o da neuroci\u00eancia com a intelig\u00eancia artificial pode transformar a sa\u00fade mental? Essa pergunta se torna cada vez mais pertinente em um mundo onde as tecnologias avan\u00e7am a passos largos e o conhecimento sobre o c\u00e9rebro humano est\u00e1 em expans\u00e3o. O potencial de integra\u00e7\u00e3o entre essas duas \u00e1reas promete n\u00e3o apenas novos tratamentos, mas tamb\u00e9m uma melhor compreens\u00e3o do comportamento humano.<\/p>\n<h2>O Impacto da Intelig\u00eancia Artificial na Neuroci\u00eancia<\/h2>\n<p>A intelig\u00eancia artificial (IA) est\u00e1 revolucionando a maneira como os neurocientistas estudam o c\u00e9rebro. T\u00e9cnicas de machine learning e deep learning est\u00e3o sendo utilizadas para analisar grandes volumes de dados provenientes de imagens de resson\u00e2ncia magn\u00e9tica, eletroencefalogramas e outros exames neurol\u00f3gicos. Essa capacidade de processar dados em escala permite que os pesquisadores descubram padr\u00f5es ocultos relacionados a v\u00e1rias condi\u00e7\u00f5es de sa\u00fade mental, como ansiedade, depress\u00e3o e Transtornos do Espectro Autista.<\/p>\n<p>Um exemplo not\u00e1vel desse uso \u00e9 o projeto de identifica\u00e7\u00e3o precoce de doen\u00e7as, onde a IA pode analisar padr\u00f5es de atividade cerebral que precedem manifesta\u00e7\u00f5es cl\u00ednicas. Isso possibilita interven\u00e7\u00f5es mais r\u00e1pidas e eficazes, alterando significativamente o progn\u00f3stico dos pacientes.<\/p>\n<p>Al\u00e9m disso, a IA tamb\u00e9m auxilia na personaliza\u00e7\u00e3o de tratamentos. Ao analisar as respostas dos pacientes a diferentes interven\u00e7\u00f5es, algoritmos podem sugerir tratamentos ajustados \u00e0s necessidades \u00fanicas de cada indiv\u00edduo. Essa abordagem n\u00e3o apenas aumenta a efic\u00e1cia das terapias, mas tamb\u00e9m melhora a ader\u00eancia do paciente ao tratamento.<\/p>\n<h2>Desenvolvimento de Terapias Inovadoras<\/h2>\n<p>Combinando IA e neuroci\u00eancia, surgem novas abordagens para tratar condi\u00e7\u00f5es que antes eram vistas como dif\u00edceis de manejar. Um exemplo dessa inova\u00e7\u00e3o \u00e9 o uso de interfaces c\u00e9rebro-m\u00e1quina que permitem aos indiv\u00edduos com limita\u00e7\u00f5es motoras se comunicarem e interagirem com seu ambiente de maneira significativa.<\/p>\n<p>Essas interfaces utilizam algoritmos de IA para traduzir os sinais el\u00e9tricos do c\u00e9rebro em comandos que podem controlar dispositivos externos, como pr\u00f3teses rob\u00f3ticas ou computadores. Este tipo de tecnologia est\u00e1 se expandindo rapidamente, n\u00e3o apenas para ajudar pessoas com defici\u00eancia, mas tamb\u00e9m como uma forma de terapia para aqueles que precisam fortalecer habilidades cognitivas ou motoras em condi\u00e7\u00f5es de reabilita\u00e7\u00e3o.<\/p>\n<p>Al\u00e9m disso, a IA est\u00e1 ajudando na cria\u00e7\u00e3o de aplicativos e plataformas que utilizam jogos e experi\u00eancias interativas para tratar quest\u00f5es de sa\u00fade mental, como o estresse e a ansiedade. A gamifica\u00e7\u00e3o das terapias proporciona engajamento e suporte ao paciente, tornando a jornada de tratamento mais acess\u00edvel e menos intimidante.<\/p>\n<h3>Desafios \u00c9ticos e Considera\u00e7\u00f5es Futuras<\/h3>\n<p>Com todo esse potencial, surgem tamb\u00e9m preocupa\u00e7\u00f5es \u00e9ticas que n\u00e3o podem ser negligenciadas. A utiliza\u00e7\u00e3o de IA em contextos de sa\u00fade mental levanta quest\u00f5es sobre privacidade, consentimento e seguran\u00e7a dos dados. \u00c9 imperativo que as discuss\u00f5es sobre a implementa\u00e7\u00e3o dessas tecnologias incluam diretrizes claras que protejam os direitos dos pacientes.<\/p>\n<p>Al\u00e9m disso, a depend\u00eancia excessiva das tecnologias poderia suplantar a import\u00e2ncia do toque humano nas pr\u00e1ticas de sa\u00fade mental. Relacionamentos humanos s\u00e3o fundamentais para a terapia, e a IA deve ser utilizada como um complemento a esses la\u00e7os, n\u00e3o como um substituto. A verdadeira efic\u00e1cia dessas inova\u00e7\u00f5es depender\u00e1 da nossa capacidade de integrar a tecnologia com a abordagem humanizada na sa\u00fade mental.<\/p>\n<h2>Considera\u00e7\u00f5es Finais sobre o Futuro da Intersec\u00e7\u00e3o entre Neuroci\u00eancia e IA<\/h2>\n<p>A interse\u00e7\u00e3o entre neuroci\u00eancia e intelig\u00eancia artificial est\u00e1 apenas come\u00e7ando a revelar seu potencial. \u00c0 medida que continuamos a explorar como as m\u00e1quinas podem auxiliar na compreens\u00e3o e tratamento do c\u00e9rebro humano, precisamos permanecer vigilantes em rela\u00e7\u00e3o aos desafios \u00e9ticos e pr\u00e1ticos que surgem. A inova\u00e7\u00e3o n\u00e3o deve comprometer o aspecto humano da sa\u00fade.<\/p>\n<p>Portanto, o futuro da sa\u00fade mental n\u00e3o deve se limitar \u00e0s m\u00e1quinas, mas sim encontrar um equil\u00edbrio entre a tecnologia e a empatia. O di\u00e1logo entre cientistas, terapeutas e engenheiros \u00e9 crucial para garantir que cada avan\u00e7o tecnol\u00f3gico seja direcionado a melhorar a qualidade de vida dos indiv\u00edduos.<\/p>\n<p>Al\u00e9m disso, a educa\u00e7\u00e3o e a conscientiza\u00e7\u00e3o sobre essas tecnologias devem ser prioridades. Empowering tanto os profissionais de sa\u00fade quanto os pacientes com informa\u00e7\u00f5es adequadas sobre o uso respons\u00e1vel da IA na sa\u00fade mental ajudar\u00e1 a maximizar os benef\u00edcios enquanto minimiza os riscos.<\/p>\n<p>Por fim, observar e participar da evolu\u00e7\u00e3o da neuroci\u00eancia e da IA poder\u00e1 revelar caminhos inovadores e inesperados para a sa\u00fade mental. Esse \u00e9 um campo que merece aten\u00e7\u00e3o cont\u00ednua, pois as possibilidades parecem apenas arranhar a superf\u00edcie do que \u00e9 poss\u00edvel. O futuro j\u00e1 \u00e9 agora, e a \u00e9tica e a empatia devem moldar todos os nossos avan\u00e7os.<\/p>\n","protected":false},"excerpt":{"rendered":"<p>Como a combina\u00e7\u00e3o da neuroci\u00eancia com a intelig\u00eancia artificial pode transformar a sa\u00fade mental? Essa pergunta se torna cada vez mais pertinente em um mundo onde as tecnologias avan\u00e7am a passos largos e o conhecimento sobre o c\u00e9rebro humano est\u00e1 em expans\u00e3o. O potencial de integra\u00e7\u00e3o entre essas duas \u00e1reas promete n\u00e3o apenas novos tratamentos, [&hellip;]<\/p>\n","protected":false},"author":1,"featured_media":0,"comment_status":"","ping_status":"open","sticky":false,"template":"","format":"standard","meta":{"footnotes":""},"categories":[1],"tags":[],"class_list":["post-310","post","type-post","status-publish","format-standard","hentry","category-sem-categoria"],"aioseo_notices":[],"_links":{"self":[{"href":"https:\/\/focogeral.com\/index.php\/wp-json\/wp\/v2\/posts\/310","targetHints":{"allow":["GET"]}}],"collection":[{"href":"https:\/\/focogeral.com\/index.php\/wp-json\/wp\/v2\/posts"}],"about":[{"href":"https:\/\/focogeral.com\/index.php\/wp-json\/wp\/v2\/types\/post"}],"author":[{"embeddable":true,"href":"https:\/\/focogeral.com\/index.php\/wp-json\/wp\/v2\/users\/1"}],"replies":[{"embeddable":true,"href":"https:\/\/focogeral.com\/index.php\/wp-json\/wp\/v2\/comments?post=310"}],"version-history":[{"count":0,"href":"https:\/\/focogeral.com\/index.php\/wp-json\/wp\/v2\/posts\/310\/revisions"}],"wp:attachment":[{"href":"https:\/\/focogeral.com\/index.php\/wp-json\/wp\/v2\/media?parent=310"}],"wp:term":[{"taxonomy":"category","embeddable":true,"href":"https:\/\/focogeral.com\/index.php\/wp-json\/wp\/v2\/categories?post=310"},{"taxonomy":"post_tag","embeddable":true,"href":"https:\/\/focogeral.com\/index.php\/wp-json\/wp\/v2\/tags?post=310"}],"curies":[{"name":"wp","href":"https:\/\/api.w.org\/{rel}","templated":true}]}}