{"id":222,"date":"2025-04-23T09:00:34","date_gmt":"2025-04-23T12:00:34","guid":{"rendered":"https:\/\/focogeral.com\/index.php\/2025\/04\/23\/etica-em-ia-desafios-ocultos-abordagem-humanistica\/"},"modified":"2025-04-23T09:00:34","modified_gmt":"2025-04-23T12:00:34","slug":"etica-em-ia-desafios-ocultos-abordagem-humanistica","status":"publish","type":"post","link":"https:\/\/focogeral.com\/index.php\/2025\/04\/23\/etica-em-ia-desafios-ocultos-abordagem-humanistica\/","title":{"rendered":"\u00c9tica em IA: Os desafios ocultos da abordagem human\u00edstica"},"content":{"rendered":"<p>Como seria um mundo onde m\u00e1quinas n\u00e3o apenas aprendem, mas tamb\u00e9m possuem um senso de \u00e9tica? A intelig\u00eancia artificial (IA) j\u00e1 faz parte do nosso cotidiano em formas que muitas vezes n\u00e3o percebemos. No entanto, \u00e0 medida que avan\u00e7amos para um futuro cada vez mais dependente da tecnologia, a quest\u00e3o da \u00e9tica em IA se torna ainda mais premente. Talvez o mais surpreendente seja que, enquanto falamos frequentemente sobre riscos de seguran\u00e7a e efici\u00eancia, raramente discutimos como a \u00e9tica pode ser incorporada nas decis\u00f5es que essas m\u00e1quinas tomar\u00e3o.<\/p>\n<h2>A Converg\u00eancia da IA com a \u00c9tica e as Implica\u00e7\u00f5es Humanas<\/h2>\n<p>Nos \u00faltimos anos, a pesquisa em IA tem progredido em um ritmo acelerado, levantando quest\u00f5es sobre como essas tecnologias interagem com o n\u00facleo de nossa sociedade. As m\u00e1quinas n\u00e3o s\u00e3o apenas ferramentas; elas t\u00eam um papel crescente em decis\u00f5es que afetam vidas humanas, desde diagn\u00f3sticos m\u00e9dicos at\u00e9 sistemas de justi\u00e7a.<\/p>\n<p>Imaginemos um futuro onde algoritmos s\u00e3o respons\u00e1veis por decis\u00f5es cr\u00edticas, como a concess\u00e3o de cr\u00e9dito ou a sele\u00e7\u00e3o de candidatos para empregos. Como podemos garantir que essas decis\u00f5es sejam justas? Um aspecto importante \u00e9 a forma como treinamos esses algoritmos. Se os dados de treinamento cont\u00eam preconceitos, a IA herdar\u00e1 essas falhas. Portanto, a \u00e9tica deve ser um componente central na cria\u00e7\u00e3o de algoritmos.<\/p>\n<p>Um conceito emergente \u00e9 o de <strong>IA explic\u00e1vel<\/strong>, que busca n\u00e3o apenas tomar decis\u00f5es, mas tamb\u00e9m explicar por que tomou determinadas escolhas. Esse princ\u00edpio poderia permitir um maior n\u00edvel de confian\u00e7a entre humanos e m\u00e1quinas, al\u00e9m de aumentar a responsabilidade na tomada de decis\u00f5es automatizadas.<\/p>\n<p>A intera\u00e7\u00e3o entre humanos e m\u00e1quinas \u00e9tica requer um olhar cr\u00edtico sobre como o poder \u00e9 distribu\u00eddo na sociedade tecnol\u00f3gica. \u00c9 essencial promover a transpar\u00eancia e a acessibilidade na forma como a IA \u00e9 desenvolvida e utilizada, envolvendo uma gama diversificada de stakeholders no processo.<\/p>\n<p>Por outro lado, cada vez mais se ouve falar sobre o conceito de <strong>\u00e9tica algor\u00edtmica<\/strong>. Esse termo se refere a um conjunto de princ\u00edpios que orientam os criadores de IA no desenvolvimento de sistemas que n\u00e3o apenas reconhe\u00e7am padr\u00f5es, mas tamb\u00e9m operem dentro de uma estrutura \u00e9tica. A implementa\u00e7\u00e3o desses princ\u00edpios \u00e9 complexa, pois exige uma uniformidade de valores que n\u00e3o existe universalmente.<\/p>\n<h2>O Desafio da Implementa\u00e7\u00e3o Pr\u00e1tica<\/h2>\n<p>A implementa\u00e7\u00e3o de uma abordagem \u00e9tica \u00e0 IA n\u00e3o \u00e9 apenas uma quest\u00e3o acad\u00eamica; envolve desafios pr\u00e1ticos significativos. Um dos maiores obst\u00e1culos \u00e9 a falta de padr\u00f5es claros e acordos compartilhados entre empresas e governos. No atual cen\u00e1rio, cada organiza\u00e7\u00e3o pode adotar suas pr\u00f3prias diretrizes \u00e9ticas, levando a desigualdades no tratamento de dados e, consequentemente, na vida das pessoas.<\/p>\n<p>Um exemplo not\u00e1vel \u00e9 a forma como as redes sociais utilizam IA para moderar conte\u00fado. Sem diretrizes \u00e9ticas transparentes, decis\u00f5es sobre o que \u00e9 considerado aceit\u00e1vel ou n\u00e3o podem refletir preconceitos individuais ou corporativos. A forma como essas decis\u00f5es s\u00e3o comunicadas ao p\u00fablico \u00e9 igualmente crucial. Os usu\u00e1rios precisam de clareza sobre como e por que suas informa\u00e7\u00f5es s\u00e3o processadas.<\/p>\n<p>Os desafios \u00e9ticos em IA n\u00e3o s\u00e3o novos; debates come\u00e7aram a surgir desde a populariza\u00e7\u00e3o da rob\u00f3tica e sistemas automatizados. Entretanto, a r\u00e1pida evolu\u00e7\u00e3o da IA tornar\u00e1 essa discuss\u00e3o ainda mais essencial. Com a integra\u00e7\u00e3o crescente de t\u00e9cnicas de aprendizado profundo, prever como essas m\u00e1quinas tomar\u00e3o decis\u00f5es se torna cada vez mais complicado. Isso levanta perguntas sobre a responsabilidade: quem \u00e9 responsabilizado quando uma IA toma uma decis\u00e3o errada?<\/p>\n<p>Para abordar esses desafios, a colabora\u00e7\u00e3o internacional \u00e9 imperativa. Organiza\u00e7\u00f5es e pa\u00edses precisam unir esfor\u00e7os para criar um quadro regulat\u00f3rio que n\u00e3o apenas promova a inova\u00e7\u00e3o, mas tamb\u00e9m proteja os direitos humanos. Iniciativas como o <strong>Parque Cient\u00edfico e Tecnol\u00f3gico Mundial da \u00c9tica da IA<\/strong> possui um grande potencial para orientar essas discuss\u00f5es e implementar padr\u00f5es globais.<\/p>\n<p>A educa\u00e7\u00e3o \u00e9 outro pilar fundamental. Desde a forma\u00e7\u00e3o de engenheiros de software at\u00e9 a conscientiza\u00e7\u00e3o p\u00fablica sobre o impacto da IA, uma abordagem educacional deve ensinar a import\u00e2ncia da \u00e9tica na tecnologia. Isso n\u00e3o s\u00f3 prepara os futuros l\u00edderes de tecnologia, mas tamb\u00e9m empodera os cidad\u00e3os na compreens\u00e3o das implica\u00e7\u00f5es das decis\u00f5es algor\u00edtmicas.<\/p>\n<h2>Reflex\u00f5es Finais sobre a \u00c9tica em IA<\/h2>\n<p>\u00c0 medida que continuamos a integrar a intelig\u00eancia artificial em diferentes aspectos da vida cotidiana, uma reflex\u00e3o \u00e9tica se torna n\u00e3o apenas necess\u00e1ria, mas urgente. \u00c9 vital que a sociedade se envolva ativamente na discuss\u00e3o sobre como essas tecnologias devem ser moldadas e reguladas.<\/p>\n<p>A \u00e9tica na IA n\u00e3o \u00e9 meramente uma obriga\u00e7\u00e3o moral, mas uma necessidade pr\u00e1tica. A forma como escolhemos implementar essas diretrizes influenciar\u00e1 profundamente as gera\u00e7\u00f5es futuras. Um verdadeiro compromisso com a \u00e9tica garante que a IA n\u00e3o apenas melhore a efici\u00eancia, mas tamb\u00e9m respeite e proteja a dignidade humana.<\/p>\n<p>Enquanto o campo da IA se desenvolve, a necessidade de um di\u00e1logo cont\u00ednuo entre tecn\u00f3logos, fil\u00f3sofos e o p\u00fablico geral \u00e9 vital. Somente atrav\u00e9s desse di\u00e1logo podemos cultivar uma sociedade onde a tecnologia reflita nossos valores mais elevados.<\/p>\n<p>Por fim, a \u00e9tica em IA n\u00e3o deve ser vista como um fardo, mas sim como uma oportunidade para redefinir a rela\u00e7\u00e3o entre humanos e m\u00e1quinas. O futuro da intelig\u00eancia artificial est\u00e1 em nossas m\u00e3os, e cabe a n\u00f3s mold\u00e1-lo de forma que beneficie toda a humanidade, respeitando os princ\u00edpios de justi\u00e7a e responsabilidade \u00e9ticas.<\/p>\n","protected":false},"excerpt":{"rendered":"<p>Como seria um mundo onde m\u00e1quinas n\u00e3o apenas aprendem, mas tamb\u00e9m possuem um senso de \u00e9tica? A intelig\u00eancia artificial (IA) j\u00e1 faz parte do nosso cotidiano em formas que muitas vezes n\u00e3o percebemos. No entanto, \u00e0 medida que avan\u00e7amos para um futuro cada vez mais dependente da tecnologia, a quest\u00e3o da \u00e9tica em IA se [&hellip;]<\/p>\n","protected":false},"author":1,"featured_media":0,"comment_status":"","ping_status":"open","sticky":false,"template":"","format":"standard","meta":{"footnotes":""},"categories":[1],"tags":[],"class_list":["post-222","post","type-post","status-publish","format-standard","hentry","category-sem-categoria"],"aioseo_notices":[],"_links":{"self":[{"href":"https:\/\/focogeral.com\/index.php\/wp-json\/wp\/v2\/posts\/222","targetHints":{"allow":["GET"]}}],"collection":[{"href":"https:\/\/focogeral.com\/index.php\/wp-json\/wp\/v2\/posts"}],"about":[{"href":"https:\/\/focogeral.com\/index.php\/wp-json\/wp\/v2\/types\/post"}],"author":[{"embeddable":true,"href":"https:\/\/focogeral.com\/index.php\/wp-json\/wp\/v2\/users\/1"}],"replies":[{"embeddable":true,"href":"https:\/\/focogeral.com\/index.php\/wp-json\/wp\/v2\/comments?post=222"}],"version-history":[{"count":0,"href":"https:\/\/focogeral.com\/index.php\/wp-json\/wp\/v2\/posts\/222\/revisions"}],"wp:attachment":[{"href":"https:\/\/focogeral.com\/index.php\/wp-json\/wp\/v2\/media?parent=222"}],"wp:term":[{"taxonomy":"category","embeddable":true,"href":"https:\/\/focogeral.com\/index.php\/wp-json\/wp\/v2\/categories?post=222"},{"taxonomy":"post_tag","embeddable":true,"href":"https:\/\/focogeral.com\/index.php\/wp-json\/wp\/v2\/tags?post=222"}],"curies":[{"name":"wp","href":"https:\/\/api.w.org\/{rel}","templated":true}]}}